{"id":733,"count":1,"description":"","link":"https:\/\/maxkarlin.com\/lv\/tag\/mentala-veseliba-profesionalaja-vide\/","name":"ment\u0101l\u0101 vesel\u012bba profesion\u0101laj\u0101 vid\u0113","slug":"mentala-veseliba-profesionalaja-vide","taxonomy":"post_tag","meta":[],"_links":{"self":[{"href":"https:\/\/maxkarlin.com\/lv\/wp-json\/wp\/v2\/tags\/733","targetHints":{"allow":["GET"]}}],"collection":[{"href":"https:\/\/maxkarlin.com\/lv\/wp-json\/wp\/v2\/tags"}],"about":[{"href":"https:\/\/maxkarlin.com\/lv\/wp-json\/wp\/v2\/taxonomies\/post_tag"}],"wp:post_type":[{"href":"https:\/\/maxkarlin.com\/lv\/wp-json\/wp\/v2\/posts?tags=733"},{"href":"https:\/\/maxkarlin.com\/lv\/wp-json\/wp\/v2\/pages?tags=733"},{"href":"https:\/\/maxkarlin.com\/lv\/wp-json\/wp\/v2\/podcast?tags=733"}],"curies":[{"name":"wp","href":"https:\/\/api.w.org\/{rel}","templated":true}]}}