{"id":727,"count":1,"description":"","link":"https:\/\/maxkarlin.com\/lv\/tag\/atbildiba-un-izveles-profesionalaja-dzive\/","name":"atbild\u012bba un izv\u0113les profesion\u0101laj\u0101 dz\u012bv\u0113","slug":"atbildiba-un-izveles-profesionalaja-dzive","taxonomy":"post_tag","meta":[],"_links":{"self":[{"href":"https:\/\/maxkarlin.com\/lv\/wp-json\/wp\/v2\/tags\/727","targetHints":{"allow":["GET"]}}],"collection":[{"href":"https:\/\/maxkarlin.com\/lv\/wp-json\/wp\/v2\/tags"}],"about":[{"href":"https:\/\/maxkarlin.com\/lv\/wp-json\/wp\/v2\/taxonomies\/post_tag"}],"wp:post_type":[{"href":"https:\/\/maxkarlin.com\/lv\/wp-json\/wp\/v2\/posts?tags=727"},{"href":"https:\/\/maxkarlin.com\/lv\/wp-json\/wp\/v2\/pages?tags=727"},{"href":"https:\/\/maxkarlin.com\/lv\/wp-json\/wp\/v2\/podcast?tags=727"}],"curies":[{"name":"wp","href":"https:\/\/api.w.org\/{rel}","templated":true}]}}