{"id":514,"count":1,"description":"","link":"https:\/\/maxkarlin.com\/lv\/tag\/emocionala-inteligence-arstiem\/","name":"emocion\u0101l\u0101 inteli\u0123ence \u0101rstiem","slug":"emocionala-inteligence-arstiem","taxonomy":"post_tag","meta":[],"_links":{"self":[{"href":"https:\/\/maxkarlin.com\/lv\/wp-json\/wp\/v2\/tags\/514","targetHints":{"allow":["GET"]}}],"collection":[{"href":"https:\/\/maxkarlin.com\/lv\/wp-json\/wp\/v2\/tags"}],"about":[{"href":"https:\/\/maxkarlin.com\/lv\/wp-json\/wp\/v2\/taxonomies\/post_tag"}],"wp:post_type":[{"href":"https:\/\/maxkarlin.com\/lv\/wp-json\/wp\/v2\/posts?tags=514"},{"href":"https:\/\/maxkarlin.com\/lv\/wp-json\/wp\/v2\/pages?tags=514"},{"href":"https:\/\/maxkarlin.com\/lv\/wp-json\/wp\/v2\/podcast?tags=514"}],"curies":[{"name":"wp","href":"https:\/\/api.w.org\/{rel}","templated":true}]}}