{"id":408,"count":1,"description":"","link":"https:\/\/maxkarlin.com\/lv\/tag\/digitala-filozofija-ka-maksligais-intelekts-un-virtuala-realitate-maina-musu-pasauli\/","name":"Digit\u0101l\u0101 filozofija: k\u0101 m\u0101ksl\u012bgais intelekts un virtu\u0101l\u0101 realit\u0101te maina m\u016bsu pasauli?","slug":"digitala-filozofija-ka-maksligais-intelekts-un-virtuala-realitate-maina-musu-pasauli","taxonomy":"post_tag","meta":[],"_links":{"self":[{"href":"https:\/\/maxkarlin.com\/lv\/wp-json\/wp\/v2\/tags\/408","targetHints":{"allow":["GET"]}}],"collection":[{"href":"https:\/\/maxkarlin.com\/lv\/wp-json\/wp\/v2\/tags"}],"about":[{"href":"https:\/\/maxkarlin.com\/lv\/wp-json\/wp\/v2\/taxonomies\/post_tag"}],"wp:post_type":[{"href":"https:\/\/maxkarlin.com\/lv\/wp-json\/wp\/v2\/posts?tags=408"},{"href":"https:\/\/maxkarlin.com\/lv\/wp-json\/wp\/v2\/pages?tags=408"},{"href":"https:\/\/maxkarlin.com\/lv\/wp-json\/wp\/v2\/podcast?tags=408"}],"curies":[{"name":"wp","href":"https:\/\/api.w.org\/{rel}","templated":true}]}}